{"id":41347,"date":"2026-04-24T16:26:02","date_gmt":"2026-04-24T16:26:02","guid":{"rendered":"https:\/\/www.mickunai.vilniausr.lm.lt\/?p=41347"},"modified":"2026-04-26T16:28:31","modified_gmt":"2026-04-26T16:28:31","slug":"zemes-diena-3","status":"publish","type":"post","link":"https:\/\/www.mickunai.vilniausr.lm.lt\/?p=41347&amp;lang=LT","title":{"rendered":"\u017dem\u0117s diena"},"content":{"rendered":"<p style=\"text-align: justify;\">\ud83c\udf0d Mick\u016bn\u0173 gimnazijoje buvo pamin\u0117ta \u017dem\u0117s diena, kuri tapo puikia proga skatinti ekologin\u012f s\u0105moningum\u0105 ir ugdyti mokini\u0173 k\u016brybi\u0161kum\u0105.<br \/>\n\u0160vent\u0119 pareng\u0117 6 klas\u0117s mokiniai, vadovaujami aukl\u0117tojos V. \u0160uksztul. Mokiniai pristat\u0117 \u0161ventin\u012f koncert\u0105, kuriame netr\u016bko \u0161oki\u0173, dain\u0173, gra\u017ei\u0173 \u017eod\u017ei\u0173, skirt\u0173 m\u016bs\u0173 \u017demei, taip pat linksm\u0173 ir prasming\u0173 scen\u0173. Program\u0105 pa\u012fvairino \u012fdom\u016bs ekologiniai viktorinos klausimai, \u012ftraukiantys \u017ei\u016brovus ir skatinantys susim\u0105styti apie aplinkos saugojim\u0105.<br \/>\nPo koncerto vyko konkurso \u2013 parodos i\u0161 antrini\u0173 \u017ealiav\u0173 \u2013 apibendrinimas. Parod\u0105 pareng\u0117 gimnazijos mokiniai, vadovaujami technologij\u0173 mokytoj\u0173 S. Monid ir L. Syrnickio.Mokiniai balsavo ir rinko geriausius darbus.<br \/>\nBalsavimo metu buvo i\u0161rinkti geriausi darbai:<br \/>\n\u2705\ufe0f5a klas\u0117 \u2013 Emilija Kolesnik<br \/>\n\u2705\ufe0f5b klas\u0117 \u2013 Darja Ancevi\u010d<br \/>\n\u2705\ufe0f6 klas\u0117 \u2013 Arsenij Kana\u0161kov<br \/>\n\u2705\ufe0f7 klas\u0117 \u2013 Erika Abulfatova<br \/>\n\u2705\ufe0fIG klas\u0117 \u2013 Adriana \u0160ablovska, Milita Rasinska<br \/>\nPad\u0117kos buvo \u012fteiktos IIIG klas\u0117s mokin\u0117ms: Gabrielai Klevinskai, Evelibai \u0160ablovskai ir Evelinai Volodko.<br \/>\nNuo\u0161ird\u017eiai d\u0117kojame visiems mokytojams ir mokiniams u\u017e j\u0173 k\u016brybi\u0161kum\u0105, pastangas bei aktyv\u0173 dalyvavim\u0105 organizuojant \u0161i\u0105 gra\u017ei\u0105 ir prasming\u0105 \u0161vent\u0119.<br \/>\n\u017dem\u0117s dienos min\u0117jimas m\u016bs\u0173 gimnazijoje buvo ne tik gra\u017ei \u0161vent\u0117, bet ir svarbus priminimas apie atsakomyb\u0119 u\u017e aplinkos saugojim\u0105 bei m\u016bs\u0173 planetos ateit\u012f.<\/p>\n<div id='gallery-1' class='gallery galleryid-41347 gallery-columns-4 gallery-size-thumbnail'><dl class='gallery-item'>\n\t\t\t<dt class='gallery-icon landscape'>\n\t\t\t\t<a href='https:\/\/www.mickunai.vilniausr.lm.lt\/?attachment_id=41350'><img width=\"150\" height=\"150\" src=\"https:\/\/www.mickunai.vilniausr.lm.lt\/wp-content\/uploads\/2026\/04\/1000071245-150x150.jpg\" class=\"attachment-thumbnail size-thumbnail\" alt=\"\" decoding=\"async\" loading=\"lazy\" \/><\/a>\n\t\t\t<\/dt><\/dl><dl class='gallery-item'>\n\t\t\t<dt class='gallery-icon landscape'>\n\t\t\t\t<a href='https:\/\/www.mickunai.vilniausr.lm.lt\/?attachment_id=41351'><img width=\"150\" height=\"150\" src=\"https:\/\/www.mickunai.vilniausr.lm.lt\/wp-content\/uploads\/2026\/04\/1000071247-150x150.jpg\" class=\"attachment-thumbnail size-thumbnail\" alt=\"\" decoding=\"async\" loading=\"lazy\" \/><\/a>\n\t\t\t<\/dt><\/dl><dl class='gallery-item'>\n\t\t\t<dt class='gallery-icon landscape'>\n\t\t\t\t<a href='https:\/\/www.mickunai.vilniausr.lm.lt\/?attachment_id=41352'><img width=\"150\" height=\"150\" src=\"https:\/\/www.mickunai.vilniausr.lm.lt\/wp-content\/uploads\/2026\/04\/1000071269-150x150.jpg\" class=\"attachment-thumbnail size-thumbnail\" alt=\"\" decoding=\"async\" loading=\"lazy\" \/><\/a>\n\t\t\t<\/dt><\/dl><dl class='gallery-item'>\n\t\t\t<dt class='gallery-icon landscape'>\n\t\t\t\t<a href='https:\/\/www.mickunai.vilniausr.lm.lt\/?attachment_id=41353'><img width=\"150\" height=\"150\" src=\"https:\/\/www.mickunai.vilniausr.lm.lt\/wp-content\/uploads\/2026\/04\/1000071301-150x150.jpg\" class=\"attachment-thumbnail size-thumbnail\" alt=\"\" decoding=\"async\" loading=\"lazy\" \/><\/a>\n\t\t\t<\/dt><\/dl><br style=\"clear: both\" \/>\n\t\t<\/div>\n\n","protected":false},"excerpt":{"rendered":"<p>\ud83c\udf0d Mick\u016bn\u0173 gimnazijoje buvo pamin\u0117ta \u017dem\u0117s diena, kuri tapo puikia proga skatinti ekologin\u012f s\u0105moningum\u0105 ir ugdyti mokini\u0173 k\u016brybi\u0161kum\u0105. \u0160vent\u0119 pareng\u0117 6 klas\u0117s mokiniai, vadovaujami aukl\u0117tojos V. \u0160uksztul. Mokiniai pristat\u0117 \u0161ventin\u012f koncert\u0105, kuriame netr\u016bko \u0161oki\u0173, dain\u0173, gra\u017ei\u0173 \u017eod\u017ei\u0173, skirt\u0173 m\u016bs\u0173 \u017demei, &hellip; <a href=\"https:\/\/www.mickunai.vilniausr.lm.lt\/?p=41347&#038;lang=LT\">Skaitykite toliau <span class=\"meta-nav\">&rarr;<\/span><\/a><\/p>\n","protected":false},"author":1,"featured_media":0,"comment_status":"closed","ping_status":"closed","sticky":false,"template":"","format":"standard","meta":[],"categories":[1],"tags":[],"_links":{"self":[{"href":"https:\/\/www.mickunai.vilniausr.lm.lt\/index.php?rest_route=\/wp\/v2\/posts\/41347"}],"collection":[{"href":"https:\/\/www.mickunai.vilniausr.lm.lt\/index.php?rest_route=\/wp\/v2\/posts"}],"about":[{"href":"https:\/\/www.mickunai.vilniausr.lm.lt\/index.php?rest_route=\/wp\/v2\/types\/post"}],"author":[{"embeddable":true,"href":"https:\/\/www.mickunai.vilniausr.lm.lt\/index.php?rest_route=\/wp\/v2\/users\/1"}],"replies":[{"embeddable":true,"href":"https:\/\/www.mickunai.vilniausr.lm.lt\/index.php?rest_route=%2Fwp%2Fv2%2Fcomments&post=41347"}],"version-history":[{"count":4,"href":"https:\/\/www.mickunai.vilniausr.lm.lt\/index.php?rest_route=\/wp\/v2\/posts\/41347\/revisions"}],"predecessor-version":[{"id":41354,"href":"https:\/\/www.mickunai.vilniausr.lm.lt\/index.php?rest_route=\/wp\/v2\/posts\/41347\/revisions\/41354"}],"wp:attachment":[{"href":"https:\/\/www.mickunai.vilniausr.lm.lt\/index.php?rest_route=%2Fwp%2Fv2%2Fmedia&parent=41347"}],"wp:term":[{"taxonomy":"category","embeddable":true,"href":"https:\/\/www.mickunai.vilniausr.lm.lt\/index.php?rest_route=%2Fwp%2Fv2%2Fcategories&post=41347"},{"taxonomy":"post_tag","embeddable":true,"href":"https:\/\/www.mickunai.vilniausr.lm.lt\/index.php?rest_route=%2Fwp%2Fv2%2Ftags&post=41347"}],"curies":[{"name":"wp","href":"https:\/\/api.w.org\/{rel}","templated":true}]}}