{"id":40994,"date":"2026-03-16T19:15:42","date_gmt":"2026-03-16T19:15:42","guid":{"rendered":"https:\/\/www.mickunai.vilniausr.lm.lt\/?p=40994"},"modified":"2026-03-18T10:14:36","modified_gmt":"2026-03-18T10:14:36","slug":"lietuvos-zydu-gelbetoju-diena","status":"publish","type":"post","link":"https:\/\/www.mickunai.vilniausr.lm.lt\/?p=40994&amp;lang=LT","title":{"rendered":"Lietuvos \u017eyd\u0173 gelb\u0117toj\u0173 diena"},"content":{"rendered":"<p style=\"text-align: justify;\">Kovo 15 d. Lietuvoje minima Lietuvos \u017eyd\u0173 gelb\u0117toj\u0173 diena. Pilieti\u0161kumo pamokose IG ir IIG klasi\u0173 mokiniai susipa\u017eino su \u017eymiausiais Lietuvos \u017eyd\u0173 gelb\u0117tojais bei su\u017einojo apie \u201ePasaulio taut\u0173 teisuolio\u201c medalio teikimo reik\u0161m\u0119.<\/p>\n<div id='gallery-1' class='gallery galleryid-40994 gallery-columns-3 gallery-size-thumbnail'><dl class='gallery-item'>\n\t\t\t<dt class='gallery-icon portrait'>\n\t\t\t\t<a href='https:\/\/www.mickunai.vilniausr.lm.lt\/?attachment_id=40998'><img width=\"150\" height=\"150\" src=\"https:\/\/www.mickunai.vilniausr.lm.lt\/wp-content\/uploads\/2026\/03\/1000062184-150x150.jpg\" class=\"attachment-thumbnail size-thumbnail\" alt=\"\" decoding=\"async\" loading=\"lazy\" \/><\/a>\n\t\t\t<\/dt><\/dl><dl class='gallery-item'>\n\t\t\t<dt class='gallery-icon portrait'>\n\t\t\t\t<a href='https:\/\/www.mickunai.vilniausr.lm.lt\/?attachment_id=40999'><img width=\"150\" height=\"150\" src=\"https:\/\/www.mickunai.vilniausr.lm.lt\/wp-content\/uploads\/2026\/03\/1000062185-150x150.jpg\" class=\"attachment-thumbnail size-thumbnail\" alt=\"\" decoding=\"async\" loading=\"lazy\" \/><\/a>\n\t\t\t<\/dt><\/dl><dl class='gallery-item'>\n\t\t\t<dt class='gallery-icon landscape'>\n\t\t\t\t<a href='https:\/\/www.mickunai.vilniausr.lm.lt\/?attachment_id=41000'><img width=\"150\" height=\"150\" src=\"https:\/\/www.mickunai.vilniausr.lm.lt\/wp-content\/uploads\/2026\/03\/1000062186-150x150.jpg\" class=\"attachment-thumbnail size-thumbnail\" alt=\"\" decoding=\"async\" loading=\"lazy\" \/><\/a>\n\t\t\t<\/dt><\/dl><br style=\"clear: both\" \/>\n\t\t<\/div>\n\n","protected":false},"excerpt":{"rendered":"<p>Kovo 15 d. Lietuvoje minima Lietuvos \u017eyd\u0173 gelb\u0117toj\u0173 diena. Pilieti\u0161kumo pamokose IG ir IIG klasi\u0173 mokiniai susipa\u017eino su \u017eymiausiais Lietuvos \u017eyd\u0173 gelb\u0117tojais bei su\u017einojo apie \u201ePasaulio taut\u0173 teisuolio\u201c medalio teikimo reik\u0161m\u0119.<\/p>\n","protected":false},"author":1,"featured_media":0,"comment_status":"closed","ping_status":"closed","sticky":false,"template":"","format":"standard","meta":[],"categories":[1],"tags":[],"_links":{"self":[{"href":"https:\/\/www.mickunai.vilniausr.lm.lt\/index.php?rest_route=\/wp\/v2\/posts\/40994"}],"collection":[{"href":"https:\/\/www.mickunai.vilniausr.lm.lt\/index.php?rest_route=\/wp\/v2\/posts"}],"about":[{"href":"https:\/\/www.mickunai.vilniausr.lm.lt\/index.php?rest_route=\/wp\/v2\/types\/post"}],"author":[{"embeddable":true,"href":"https:\/\/www.mickunai.vilniausr.lm.lt\/index.php?rest_route=\/wp\/v2\/users\/1"}],"replies":[{"embeddable":true,"href":"https:\/\/www.mickunai.vilniausr.lm.lt\/index.php?rest_route=%2Fwp%2Fv2%2Fcomments&post=40994"}],"version-history":[{"count":4,"href":"https:\/\/www.mickunai.vilniausr.lm.lt\/index.php?rest_route=\/wp\/v2\/posts\/40994\/revisions"}],"predecessor-version":[{"id":41002,"href":"https:\/\/www.mickunai.vilniausr.lm.lt\/index.php?rest_route=\/wp\/v2\/posts\/40994\/revisions\/41002"}],"wp:attachment":[{"href":"https:\/\/www.mickunai.vilniausr.lm.lt\/index.php?rest_route=%2Fwp%2Fv2%2Fmedia&parent=40994"}],"wp:term":[{"taxonomy":"category","embeddable":true,"href":"https:\/\/www.mickunai.vilniausr.lm.lt\/index.php?rest_route=%2Fwp%2Fv2%2Fcategories&post=40994"},{"taxonomy":"post_tag","embeddable":true,"href":"https:\/\/www.mickunai.vilniausr.lm.lt\/index.php?rest_route=%2Fwp%2Fv2%2Ftags&post=40994"}],"curies":[{"name":"wp","href":"https:\/\/api.w.org\/{rel}","templated":true}]}}