{"id":40938,"date":"2026-03-11T13:02:22","date_gmt":"2026-03-11T13:02:22","guid":{"rendered":"https:\/\/www.mickunai.vilniausr.lm.lt\/?p=40938"},"modified":"2026-03-13T11:23:08","modified_gmt":"2026-03-13T11:23:08","slug":"kovo-11-osios-sventinis-minejimas","status":"publish","type":"post","link":"https:\/\/www.mickunai.vilniausr.lm.lt\/?p=40938&amp;lang=LT","title":{"rendered":"Kovo 11-osios \u0161ventinis min\u0117jimas"},"content":{"rendered":"<p style=\"text-align: justify;\">Kovo 10 dien\u0105 Mick\u016bn\u0173 gimnazijoje vyko \u0161ventinis Kovo 11-osios min\u0117jimas. Lietuvos Nepriklausomyb\u0117s atk\u016brimo dienai skirtame renginyje skamb\u0117jo dainos, eil\u0117ra\u0161\u010diai, IG klas\u0117s mokiniai pristat\u0117 skaidres ir pasakojim\u0105 \u201eDe\u0161imt klausim\u0173 apie Kovo 11-\u0105j\u0105\u201c. Gimnazijos bendruomen\u0117 taip pat \u017ei\u016br\u0117jo edukacin\u012f film\u0105, steb\u0117jo IIIG mergin\u0173 parengt\u0105 \u0161ok\u012f. Renginyje skamb\u0117jo mintys, kad Lietuvos Nepriklausomyb\u0117s atk\u016brimo diena \u2013 tai \u0161vent\u0117, kuria d\u017eiaugiam\u0117s ir did\u017eiuojam\u0117s jau 36 metus, kad atgaut\u0105 laisv\u0119 turime ne\u0161ioti \u0161irdyje.<\/p>\n<div id='gallery-1' class='gallery galleryid-40938 gallery-columns-4 gallery-size-thumbnail'><dl class='gallery-item'>\n\t\t\t<dt class='gallery-icon landscape'>\n\t\t\t\t<a href='https:\/\/www.mickunai.vilniausr.lm.lt\/?attachment_id=40942'><img width=\"150\" height=\"150\" src=\"https:\/\/www.mickunai.vilniausr.lm.lt\/wp-content\/uploads\/2026\/03\/1000061874-150x150.jpg\" class=\"attachment-thumbnail size-thumbnail\" alt=\"\" decoding=\"async\" loading=\"lazy\" \/><\/a>\n\t\t\t<\/dt><\/dl><dl class='gallery-item'>\n\t\t\t<dt class='gallery-icon landscape'>\n\t\t\t\t<a href='https:\/\/www.mickunai.vilniausr.lm.lt\/?attachment_id=40939'><img width=\"150\" height=\"150\" src=\"https:\/\/www.mickunai.vilniausr.lm.lt\/wp-content\/uploads\/2026\/03\/1000061860-150x150.jpg\" class=\"attachment-thumbnail size-thumbnail\" alt=\"\" decoding=\"async\" loading=\"lazy\" \/><\/a>\n\t\t\t<\/dt><\/dl><dl class='gallery-item'>\n\t\t\t<dt class='gallery-icon landscape'>\n\t\t\t\t<a href='https:\/\/www.mickunai.vilniausr.lm.lt\/?attachment_id=40940'><img width=\"150\" height=\"150\" src=\"https:\/\/www.mickunai.vilniausr.lm.lt\/wp-content\/uploads\/2026\/03\/1000061865-150x150.jpg\" class=\"attachment-thumbnail size-thumbnail\" alt=\"\" decoding=\"async\" loading=\"lazy\" \/><\/a>\n\t\t\t<\/dt><\/dl><dl class='gallery-item'>\n\t\t\t<dt class='gallery-icon landscape'>\n\t\t\t\t<a href='https:\/\/www.mickunai.vilniausr.lm.lt\/?attachment_id=40941'><img width=\"150\" height=\"150\" src=\"https:\/\/www.mickunai.vilniausr.lm.lt\/wp-content\/uploads\/2026\/03\/1000061872-150x150.jpg\" class=\"attachment-thumbnail size-thumbnail\" alt=\"\" decoding=\"async\" loading=\"lazy\" \/><\/a>\n\t\t\t<\/dt><\/dl><br style=\"clear: both\" \/>\n\t\t<\/div>\n\n","protected":false},"excerpt":{"rendered":"<p>Kovo 10 dien\u0105 Mick\u016bn\u0173 gimnazijoje vyko \u0161ventinis Kovo 11-osios min\u0117jimas. Lietuvos Nepriklausomyb\u0117s atk\u016brimo dienai skirtame renginyje skamb\u0117jo dainos, eil\u0117ra\u0161\u010diai, IG klas\u0117s mokiniai pristat\u0117 skaidres ir pasakojim\u0105 \u201eDe\u0161imt klausim\u0173 apie Kovo 11-\u0105j\u0105\u201c. Gimnazijos bendruomen\u0117 taip pat \u017ei\u016br\u0117jo edukacin\u012f film\u0105, steb\u0117jo IIIG &hellip; <a href=\"https:\/\/www.mickunai.vilniausr.lm.lt\/?p=40938&#038;lang=LT\">Skaitykite toliau <span class=\"meta-nav\">&rarr;<\/span><\/a><\/p>\n","protected":false},"author":1,"featured_media":0,"comment_status":"closed","ping_status":"closed","sticky":false,"template":"","format":"standard","meta":[],"categories":[1],"tags":[],"_links":{"self":[{"href":"https:\/\/www.mickunai.vilniausr.lm.lt\/index.php?rest_route=\/wp\/v2\/posts\/40938"}],"collection":[{"href":"https:\/\/www.mickunai.vilniausr.lm.lt\/index.php?rest_route=\/wp\/v2\/posts"}],"about":[{"href":"https:\/\/www.mickunai.vilniausr.lm.lt\/index.php?rest_route=\/wp\/v2\/types\/post"}],"author":[{"embeddable":true,"href":"https:\/\/www.mickunai.vilniausr.lm.lt\/index.php?rest_route=\/wp\/v2\/users\/1"}],"replies":[{"embeddable":true,"href":"https:\/\/www.mickunai.vilniausr.lm.lt\/index.php?rest_route=%2Fwp%2Fv2%2Fcomments&post=40938"}],"version-history":[{"count":1,"href":"https:\/\/www.mickunai.vilniausr.lm.lt\/index.php?rest_route=\/wp\/v2\/posts\/40938\/revisions"}],"predecessor-version":[{"id":40945,"href":"https:\/\/www.mickunai.vilniausr.lm.lt\/index.php?rest_route=\/wp\/v2\/posts\/40938\/revisions\/40945"}],"wp:attachment":[{"href":"https:\/\/www.mickunai.vilniausr.lm.lt\/index.php?rest_route=%2Fwp%2Fv2%2Fmedia&parent=40938"}],"wp:term":[{"taxonomy":"category","embeddable":true,"href":"https:\/\/www.mickunai.vilniausr.lm.lt\/index.php?rest_route=%2Fwp%2Fv2%2Fcategories&post=40938"},{"taxonomy":"post_tag","embeddable":true,"href":"https:\/\/www.mickunai.vilniausr.lm.lt\/index.php?rest_route=%2Fwp%2Fv2%2Ftags&post=40938"}],"curies":[{"name":"wp","href":"https:\/\/api.w.org\/{rel}","templated":true}]}}