{"id":40290,"date":"2025-12-02T16:08:07","date_gmt":"2025-12-02T16:08:07","guid":{"rendered":"https:\/\/www.mickunai.vilniausr.lm.lt\/?p=40290"},"modified":"2025-12-03T16:13:29","modified_gmt":"2025-12-03T16:13:29","slug":"floristikos-darbu-konkursas-duzgiam-kaledas-sode-2025","status":"publish","type":"post","link":"https:\/\/www.mickunai.vilniausr.lm.lt\/?p=40290&amp;lang=LT","title":{"rendered":"Floristikos darb\u0173 konkursas \u201eD\u016bzgiam Kal\u0117das sode 2025\u201c"},"content":{"rendered":"<p style=\"text-align: justify;\">VU Botanikos sode 2025-11-27 vyko Lietuvos mokini\u0173 floristikos darb\u0173 konkursas \u201eD\u016bzgiam Kal\u0117das sode 2025\u201c. Konkurse dalyvavo vir\u0161 60 mokini\u0173 i\u0161 visos Lietuvos. M\u016bs\u0173 gimnazijai Konkurse atstovavo IIIG klas\u0117s mokin\u0117 Gabriela Klevinskaja.<br \/>\nGabriela dalyvavo B grup\u0117je \u2013 IX \u2013 XII klasi\u0173 mokini\u0173 tarpe. Ji pristat\u0117 savo sukurt\u0105 nam\u0173 darb\u0105 floristin\u0119 girliand\u0105 \u201ePaslaptingas \u017eiemos sodas\u201c bei konkurso metu suk\u016br\u0117 floristin\u0119 eglut\u0119 \u201eKal\u0117d\u0173 magija\u201c .<\/p>\n<div id='gallery-1' class='gallery galleryid-40290 gallery-columns-2 gallery-size-thumbnail'><dl class='gallery-item'>\n\t\t\t<dt class='gallery-icon portrait'>\n\t\t\t\t<a href='https:\/\/www.mickunai.vilniausr.lm.lt\/?attachment_id=40294'><img width=\"150\" height=\"150\" src=\"https:\/\/www.mickunai.vilniausr.lm.lt\/wp-content\/uploads\/2025\/12\/20251127_093028-1-150x150.jpg\" class=\"attachment-thumbnail size-thumbnail\" alt=\"\" decoding=\"async\" loading=\"lazy\" \/><\/a>\n\t\t\t<\/dt><\/dl><dl class='gallery-item'>\n\t\t\t<dt class='gallery-icon portrait'>\n\t\t\t\t<a href='https:\/\/www.mickunai.vilniausr.lm.lt\/?attachment_id=40295'><img width=\"150\" height=\"150\" src=\"https:\/\/www.mickunai.vilniausr.lm.lt\/wp-content\/uploads\/2025\/12\/IMG_4909-150x150.jpeg\" class=\"attachment-thumbnail size-thumbnail\" alt=\"\" decoding=\"async\" loading=\"lazy\" \/><\/a>\n\t\t\t<\/dt><\/dl><br style=\"clear: both\" \/>\n\t\t<\/div>\n\n","protected":false},"excerpt":{"rendered":"<p>VU Botanikos sode 2025-11-27 vyko Lietuvos mokini\u0173 floristikos darb\u0173 konkursas \u201eD\u016bzgiam Kal\u0117das sode 2025\u201c. Konkurse dalyvavo vir\u0161 60 mokini\u0173 i\u0161 visos Lietuvos. M\u016bs\u0173 gimnazijai Konkurse atstovavo IIIG klas\u0117s mokin\u0117 Gabriela Klevinskaja. Gabriela dalyvavo B grup\u0117je \u2013 IX \u2013 XII klasi\u0173 &hellip; <a href=\"https:\/\/www.mickunai.vilniausr.lm.lt\/?p=40290&#038;lang=LT\">Skaitykite toliau <span class=\"meta-nav\">&rarr;<\/span><\/a><\/p>\n","protected":false},"author":1,"featured_media":0,"comment_status":"closed","ping_status":"closed","sticky":false,"template":"","format":"standard","meta":[],"categories":[1],"tags":[],"_links":{"self":[{"href":"https:\/\/www.mickunai.vilniausr.lm.lt\/index.php?rest_route=\/wp\/v2\/posts\/40290"}],"collection":[{"href":"https:\/\/www.mickunai.vilniausr.lm.lt\/index.php?rest_route=\/wp\/v2\/posts"}],"about":[{"href":"https:\/\/www.mickunai.vilniausr.lm.lt\/index.php?rest_route=\/wp\/v2\/types\/post"}],"author":[{"embeddable":true,"href":"https:\/\/www.mickunai.vilniausr.lm.lt\/index.php?rest_route=\/wp\/v2\/users\/1"}],"replies":[{"embeddable":true,"href":"https:\/\/www.mickunai.vilniausr.lm.lt\/index.php?rest_route=%2Fwp%2Fv2%2Fcomments&post=40290"}],"version-history":[{"count":1,"href":"https:\/\/www.mickunai.vilniausr.lm.lt\/index.php?rest_route=\/wp\/v2\/posts\/40290\/revisions"}],"predecessor-version":[{"id":40297,"href":"https:\/\/www.mickunai.vilniausr.lm.lt\/index.php?rest_route=\/wp\/v2\/posts\/40290\/revisions\/40297"}],"wp:attachment":[{"href":"https:\/\/www.mickunai.vilniausr.lm.lt\/index.php?rest_route=%2Fwp%2Fv2%2Fmedia&parent=40290"}],"wp:term":[{"taxonomy":"category","embeddable":true,"href":"https:\/\/www.mickunai.vilniausr.lm.lt\/index.php?rest_route=%2Fwp%2Fv2%2Fcategories&post=40290"},{"taxonomy":"post_tag","embeddable":true,"href":"https:\/\/www.mickunai.vilniausr.lm.lt\/index.php?rest_route=%2Fwp%2Fv2%2Ftags&post=40290"}],"curies":[{"name":"wp","href":"https:\/\/api.w.org\/{rel}","templated":true}]}}