{"id":40272,"date":"2025-11-29T17:43:52","date_gmt":"2025-11-29T17:43:52","guid":{"rendered":"https:\/\/www.mickunai.vilniausr.lm.lt\/?p=40272"},"modified":"2025-11-29T17:44:07","modified_gmt":"2025-11-29T17:44:07","slug":"pirmoku-krikstynos-5","status":"publish","type":"post","link":"https:\/\/www.mickunai.vilniausr.lm.lt\/?p=40272&amp;lang=LT","title":{"rendered":"Pirmok\u0173 krik\u0161tynos"},"content":{"rendered":"<p>Lapkri\u010dio 28 d. Mick\u016bn\u0173 gimnazijoje \u012fvyko tradicin\u0117s Pirmok\u0173 krik\u0161tynos \u2013 \u0161vent\u0117, kurios metu pirmokai oficialiai priimami \u012f gimnazijos bendruomen\u0119. Tai d\u017eiaugsminga ir simbolin\u0117 akimirka, kupina muzikos, \u0161ypsen\u0173, sveikinim\u0173 ir pirm\u0173j\u0173 mokyklini\u0173 \u012fsp\u016bd\u017ei\u0173.<\/p>\n<p>\u0160i\u0173 met\u0173 \u0161vent\u0117 prasid\u0117jo i\u0161kilmingu polonezu, kur\u012f paruo\u0161\u0117 pradini\u0173 klasi\u0173 metodinink\u0117 ir aukl\u0117toja Teres\u0117 Pavlovska. Pirmokai pasirod\u0117 labai i\u0161kilmingai \u2013 su didele atsakomybe ir entuziazmu atliko \u0161ok\u012f, su\u017eav\u0117dami mokytojus, t\u0117vus ir bendraklasius.<\/p>\n<p>V\u0117liau pirmokai pademonstravo savo geb\u0117jimus deklamuodami eil\u0117ra\u0161\u010dius ir dainuodami dainas, parodydami, kad per trump\u0105 laik\u0105 tapo svarbia mokyklos bendruomen\u0117s dalimi. \u0160vent\u0117je dalyvavo ir vyresni mokiniai \u2013 penktokai paruo\u0161\u0117 muzikin\u012f ir literat\u016brin\u012f sveikinim\u0105, link\u0117dami s\u0117km\u0117s moksl\u0173 kelyje, o taip pat \u012fteik\u0117 balionus su \u0161ypsen\u0117l\u0117mis, papuo\u0161tus biretais.<\/p>\n<p style=\"text-align: justify;\">Po menin\u0117s programos at\u0117jo svarbiausia akimirka \u2013 i\u0161kilmingas pirmok\u0173 pri\u0117mimas \u012f gimnazijos mokinius. Pirmokai gavo diplomus ir sald\u017eius prizus, o tada i\u0161kilmingai prisiek\u0117. Nuo \u0161ios akimirkos jie tapo tikrais Mick\u016bn\u0173 gimnazijos mokiniais.<\/p>\n<p style=\"text-align: justify;\">Pri\u0117mimo \u012f mokinius \u0161vent\u0117 \u2013 tai ne tik gra\u017ei mokyklos tradicija, bet ir svarbus bendruomeni\u0161kumo, d\u017eiaugsmo bei bendro \u0161ventimo momentas. Sveikiname visus pirmokus ir linkime s\u0117km\u0117s moksl\u0173 kelyje!<\/p>\n<div id='gallery-1' class='gallery galleryid-40272 gallery-columns-4 gallery-size-thumbnail'><dl class='gallery-item'>\n\t\t\t<dt class='gallery-icon landscape'>\n\t\t\t\t<a href='https:\/\/www.mickunai.vilniausr.lm.lt\/?attachment_id=40273'><img width=\"150\" height=\"150\" src=\"https:\/\/www.mickunai.vilniausr.lm.lt\/wp-content\/uploads\/2025\/11\/1000053901-150x150.jpg\" class=\"attachment-thumbnail size-thumbnail\" alt=\"\" decoding=\"async\" loading=\"lazy\" \/><\/a>\n\t\t\t<\/dt><\/dl><dl class='gallery-item'>\n\t\t\t<dt class='gallery-icon landscape'>\n\t\t\t\t<a href='https:\/\/www.mickunai.vilniausr.lm.lt\/?attachment_id=40274'><img width=\"150\" height=\"150\" src=\"https:\/\/www.mickunai.vilniausr.lm.lt\/wp-content\/uploads\/2025\/11\/1000053904-150x150.jpg\" class=\"attachment-thumbnail size-thumbnail\" alt=\"\" decoding=\"async\" loading=\"lazy\" \/><\/a>\n\t\t\t<\/dt><\/dl><dl class='gallery-item'>\n\t\t\t<dt class='gallery-icon landscape'>\n\t\t\t\t<a href='https:\/\/www.mickunai.vilniausr.lm.lt\/?attachment_id=40275'><img width=\"150\" height=\"150\" src=\"https:\/\/www.mickunai.vilniausr.lm.lt\/wp-content\/uploads\/2025\/11\/1000053905-150x150.jpg\" class=\"attachment-thumbnail size-thumbnail\" alt=\"\" decoding=\"async\" loading=\"lazy\" \/><\/a>\n\t\t\t<\/dt><\/dl><dl class='gallery-item'>\n\t\t\t<dt class='gallery-icon landscape'>\n\t\t\t\t<a href='https:\/\/www.mickunai.vilniausr.lm.lt\/?attachment_id=40276'><img width=\"150\" height=\"150\" src=\"https:\/\/www.mickunai.vilniausr.lm.lt\/wp-content\/uploads\/2025\/11\/1000053906-150x150.jpg\" class=\"attachment-thumbnail size-thumbnail\" alt=\"\" decoding=\"async\" loading=\"lazy\" \/><\/a>\n\t\t\t<\/dt><\/dl><br style=\"clear: both\" \/>\n\t\t<\/div>\n\n","protected":false},"excerpt":{"rendered":"<p>Lapkri\u010dio 28 d. Mick\u016bn\u0173 gimnazijoje \u012fvyko tradicin\u0117s Pirmok\u0173 krik\u0161tynos \u2013 \u0161vent\u0117, kurios metu pirmokai oficialiai priimami \u012f gimnazijos bendruomen\u0119. Tai d\u017eiaugsminga ir simbolin\u0117 akimirka, kupina muzikos, \u0161ypsen\u0173, sveikinim\u0173 ir pirm\u0173j\u0173 mokyklini\u0173 \u012fsp\u016bd\u017ei\u0173. \u0160i\u0173 met\u0173 \u0161vent\u0117 prasid\u0117jo i\u0161kilmingu polonezu, kur\u012f paruo\u0161\u0117 &hellip; <a href=\"https:\/\/www.mickunai.vilniausr.lm.lt\/?p=40272&#038;lang=LT\">Skaitykite toliau <span class=\"meta-nav\">&rarr;<\/span><\/a><\/p>\n","protected":false},"author":1,"featured_media":0,"comment_status":"closed","ping_status":"closed","sticky":false,"template":"","format":"standard","meta":[],"categories":[1],"tags":[],"_links":{"self":[{"href":"https:\/\/www.mickunai.vilniausr.lm.lt\/index.php?rest_route=\/wp\/v2\/posts\/40272"}],"collection":[{"href":"https:\/\/www.mickunai.vilniausr.lm.lt\/index.php?rest_route=\/wp\/v2\/posts"}],"about":[{"href":"https:\/\/www.mickunai.vilniausr.lm.lt\/index.php?rest_route=\/wp\/v2\/types\/post"}],"author":[{"embeddable":true,"href":"https:\/\/www.mickunai.vilniausr.lm.lt\/index.php?rest_route=\/wp\/v2\/users\/1"}],"replies":[{"embeddable":true,"href":"https:\/\/www.mickunai.vilniausr.lm.lt\/index.php?rest_route=%2Fwp%2Fv2%2Fcomments&post=40272"}],"version-history":[{"count":2,"href":"https:\/\/www.mickunai.vilniausr.lm.lt\/index.php?rest_route=\/wp\/v2\/posts\/40272\/revisions"}],"predecessor-version":[{"id":40278,"href":"https:\/\/www.mickunai.vilniausr.lm.lt\/index.php?rest_route=\/wp\/v2\/posts\/40272\/revisions\/40278"}],"wp:attachment":[{"href":"https:\/\/www.mickunai.vilniausr.lm.lt\/index.php?rest_route=%2Fwp%2Fv2%2Fmedia&parent=40272"}],"wp:term":[{"taxonomy":"category","embeddable":true,"href":"https:\/\/www.mickunai.vilniausr.lm.lt\/index.php?rest_route=%2Fwp%2Fv2%2Fcategories&post=40272"},{"taxonomy":"post_tag","embeddable":true,"href":"https:\/\/www.mickunai.vilniausr.lm.lt\/index.php?rest_route=%2Fwp%2Fv2%2Ftags&post=40272"}],"curies":[{"name":"wp","href":"https:\/\/api.w.org\/{rel}","templated":true}]}}